{"id":465,"date":"2024-06-29T23:48:55","date_gmt":"2024-06-29T21:48:55","guid":{"rendered":"https:\/\/alikhbariaattounsia.com\/fr\/?p=465"},"modified":"2024-06-29T23:48:55","modified_gmt":"2024-06-29T21:48:55","slug":"le-roi-du-maroc-mohamed-vi-endeuille","status":"publish","type":"post","link":"https:\/\/alikhbariaattounsia.com\/fr\/2024\/06\/29\/le-roi-du-maroc-mohamed-vi-endeuille\/","title":{"rendered":"Le roi du Maroc Mohamed VI endeuill\u00e9"},"content":{"rendered":"<p>Le Palais royal au Maroc a annonc\u00e9, aujourd&rsquo;hui, que la princesse Lalla Latifa, m\u00e8re du roi Mohamed VI, est d\u00e9c\u00e9d\u00e9e, ce samedi, \u00e0 l&rsquo;\u00e2ge de 78 ans.<\/p>\n<p>\u00ab\u00a0Le porte-parole du Palais royal annonce, avec une immense tristesse et une profonde affliction, le d\u00e9c\u00e8s de SAR (son altesse royale) la Princesse Lalla Latifa, samedi\u00a0\u00bb, lit-on dans un communiqu\u00e9 relay\u00e9 par l&rsquo;Agence marocaine de presse.<\/p>\n<p>Il est \u00e0 noter que la princesse vivait entre le Maroc et la France et n&rsquo;avait pas de responsabilit\u00e9s officielles.<\/p>\n","protected":false},"excerpt":{"rendered":"<p>Le Palais royal au Maroc a annonc\u00e9, aujourd&rsquo;hui, que la princesse Lalla Latifa, m\u00e8re du roi Mohamed VI, est d\u00e9c\u00e9d\u00e9e, ce samedi, \u00e0 l&rsquo;\u00e2ge de 78 ans. \u00ab\u00a0Le porte-parole du Palais royal annonce, avec une immense tristesse et une profonde affliction, le d\u00e9c\u00e8s de SAR (son altesse royale) la Princesse Lalla Latifa, samedi\u00a0\u00bb, lit-on dans [&hellip;]<\/p>\n","protected":false},"author":1,"featured_media":466,"comment_status":"open","ping_status":"open","sticky":false,"template":"","format":"standard","meta":{"footnotes":""},"categories":[76],"tags":[135,134,137,136],"class_list":["post-465","post","type-post","status-publish","format-standard","has-post-thumbnail","hentry","category-actualites","tag-aujourdhui","tag-le-palais-royal-au-maroc-a-annonce","tag-mere-du-roi-mohamed-vi","tag-que-la-princesse-lalla-latifa"],"yoast_head":"<!-- This site is optimized with the Yoast SEO plugin v22.8 - https:\/\/yoast.com\/wordpress\/plugins\/seo\/ -->\n<title>Le roi du Maroc Mohamed VI endeuill\u00e9 - Alikhbaria Attounisia<\/title>\n<meta name=\"robots\" content=\"index, follow, max-snippet:-1, max-image-preview:large, max-video-preview:-1\" \/>\n<link rel=\"canonical\" href=\"https:\/\/alikhbariaattounsia.com\/fr\/2024\/06\/29\/le-roi-du-maroc-mohamed-vi-endeuille\/\" \/>\n<meta property=\"og:locale\" content=\"fr_FR\" \/>\n<meta property=\"og:type\" content=\"article\" \/>\n<meta property=\"og:title\" content=\"Le roi du Maroc Mohamed VI endeuill\u00e9 - Alikhbaria Attounisia\" \/>\n<meta property=\"og:description\" content=\"Le Palais royal au Maroc a annonc\u00e9, aujourd&rsquo;hui, que la princesse Lalla Latifa, m\u00e8re du roi Mohamed VI, est d\u00e9c\u00e9d\u00e9e, ce samedi, \u00e0 l&rsquo;\u00e2ge de 78 ans. \u00ab\u00a0Le porte-parole du Palais royal annonce, avec une immense tristesse et une profonde affliction, le d\u00e9c\u00e8s de SAR (son altesse royale) la Princesse Lalla Latifa, samedi\u00a0\u00bb, lit-on dans [&hellip;]\" \/>\n<meta property=\"og:url\" content=\"https:\/\/alikhbariaattounsia.com\/fr\/2024\/06\/29\/le-roi-du-maroc-mohamed-vi-endeuille\/\" \/>\n<meta property=\"og:site_name\" content=\"Alikhbaria Attounisia\" \/>\n<meta property=\"article:publisher\" content=\"https:\/\/www.facebook.com\/MagazineAfrique?mibextid=ZbWKwL\" \/>\n<meta property=\"article:published_time\" content=\"2024-06-29T21:48:55+00:00\" \/>\n<meta property=\"og:image\" content=\"https:\/\/alikhbariaattounsia.com\/fr\/wp-content\/uploads\/2024\/06\/1719686972.jpg\" \/>\n\t<meta property=\"og:image:width\" content=\"800\" \/>\n\t<meta property=\"og:image:height\" content=\"450\" \/>\n\t<meta property=\"og:image:type\" content=\"image\/jpeg\" \/>\n<meta name=\"author\" content=\"admin\" \/>\n<meta name=\"twitter:card\" content=\"summary_large_image\" \/>\n<meta name=\"twitter:label1\" content=\"\u00c9crit par\" \/>\n\t<meta name=\"twitter:data1\" content=\"admin\" \/>\n\t<meta name=\"twitter:label2\" content=\"Dur\u00e9e de lecture estim\u00e9e\" \/>\n\t<meta name=\"twitter:data2\" content=\"1 minute\" \/>\n<script type=\"application\/ld+json\" class=\"yoast-schema-graph\">{\"@context\":\"https:\/\/schema.org\",\"@graph\":[{\"@type\":\"Article\",\"@id\":\"https:\/\/alikhbariaattounsia.com\/fr\/2024\/06\/29\/le-roi-du-maroc-mohamed-vi-endeuille\/#article\",\"isPartOf\":{\"@id\":\"https:\/\/alikhbariaattounsia.com\/fr\/2024\/06\/29\/le-roi-du-maroc-mohamed-vi-endeuille\/\"},\"author\":{\"name\":\"admin\",\"@id\":\"http:\/\/alikhbariaattounsia.com\/fr\/#\/schema\/person\/c0d5be34a98bfd2d4f12a5cbd097c043\"},\"headline\":\"Le roi du Maroc Mohamed VI endeuill\u00e9\",\"datePublished\":\"2024-06-29T21:48:55+00:00\",\"dateModified\":\"2024-06-29T21:48:55+00:00\",\"mainEntityOfPage\":{\"@id\":\"https:\/\/alikhbariaattounsia.com\/fr\/2024\/06\/29\/le-roi-du-maroc-mohamed-vi-endeuille\/\"},\"wordCount\":98,\"commentCount\":0,\"publisher\":{\"@id\":\"http:\/\/alikhbariaattounsia.com\/fr\/#organization\"},\"image\":{\"@id\":\"https:\/\/alikhbariaattounsia.com\/fr\/2024\/06\/29\/le-roi-du-maroc-mohamed-vi-endeuille\/#primaryimage\"},\"thumbnailUrl\":\"https:\/\/alikhbariaattounsia.com\/fr\/wp-content\/uploads\/2024\/06\/1719686972.jpg\",\"keywords\":[\"aujourd'hui\",\"Le Palais royal au Maroc a annonc\u00e9\",\"m\u00e8re du roi Mohamed VI\",\"que la princesse Lalla Latifa\"],\"articleSection\":[\"Actualit\u00e9s\"],\"inLanguage\":\"fr-FR\",\"potentialAction\":[{\"@type\":\"CommentAction\",\"name\":\"Comment\",\"target\":[\"https:\/\/alikhbariaattounsia.com\/fr\/2024\/06\/29\/le-roi-du-maroc-mohamed-vi-endeuille\/#respond\"]}]},{\"@type\":\"WebPage\",\"@id\":\"https:\/\/alikhbariaattounsia.com\/fr\/2024\/06\/29\/le-roi-du-maroc-mohamed-vi-endeuille\/\",\"url\":\"https:\/\/alikhbariaattounsia.com\/fr\/2024\/06\/29\/le-roi-du-maroc-mohamed-vi-endeuille\/\",\"name\":\"Le roi du Maroc Mohamed VI endeuill\u00e9 - Alikhbaria Attounisia\",\"isPartOf\":{\"@id\":\"http:\/\/alikhbariaattounsia.com\/fr\/#website\"},\"primaryImageOfPage\":{\"@id\":\"https:\/\/alikhbariaattounsia.com\/fr\/2024\/06\/29\/le-roi-du-maroc-mohamed-vi-endeuille\/#primaryimage\"},\"image\":{\"@id\":\"https:\/\/alikhbariaattounsia.com\/fr\/2024\/06\/29\/le-roi-du-maroc-mohamed-vi-endeuille\/#primaryimage\"},\"thumbnailUrl\":\"https:\/\/alikhbariaattounsia.com\/fr\/wp-content\/uploads\/2024\/06\/1719686972.jpg\",\"datePublished\":\"2024-06-29T21:48:55+00:00\",\"dateModified\":\"2024-06-29T21:48:55+00:00\",\"breadcrumb\":{\"@id\":\"https:\/\/alikhbariaattounsia.com\/fr\/2024\/06\/29\/le-roi-du-maroc-mohamed-vi-endeuille\/#breadcrumb\"},\"inLanguage\":\"fr-FR\",\"potentialAction\":[{\"@type\":\"ReadAction\",\"target\":[\"https:\/\/alikhbariaattounsia.com\/fr\/2024\/06\/29\/le-roi-du-maroc-mohamed-vi-endeuille\/\"]}]},{\"@type\":\"ImageObject\",\"inLanguage\":\"fr-FR\",\"@id\":\"https:\/\/alikhbariaattounsia.com\/fr\/2024\/06\/29\/le-roi-du-maroc-mohamed-vi-endeuille\/#primaryimage\",\"url\":\"https:\/\/alikhbariaattounsia.com\/fr\/wp-content\/uploads\/2024\/06\/1719686972.jpg\",\"contentUrl\":\"https:\/\/alikhbariaattounsia.com\/fr\/wp-content\/uploads\/2024\/06\/1719686972.jpg\",\"width\":800,\"height\":450},{\"@type\":\"BreadcrumbList\",\"@id\":\"https:\/\/alikhbariaattounsia.com\/fr\/2024\/06\/29\/le-roi-du-maroc-mohamed-vi-endeuille\/#breadcrumb\",\"itemListElement\":[{\"@type\":\"ListItem\",\"position\":1,\"name\":\"Accueil\",\"item\":\"http:\/\/alikhbariaattounsia.com\/fr\/\"},{\"@type\":\"ListItem\",\"position\":2,\"name\":\"Le roi du Maroc Mohamed VI endeuill\u00e9\"}]},{\"@type\":\"WebSite\",\"@id\":\"http:\/\/alikhbariaattounsia.com\/fr\/#website\",\"url\":\"http:\/\/alikhbariaattounsia.com\/fr\/\",\"name\":\"Alikhbaria Attounisia\",\"description\":\"\",\"publisher\":{\"@id\":\"http:\/\/alikhbariaattounsia.com\/fr\/#organization\"},\"potentialAction\":[{\"@type\":\"SearchAction\",\"target\":{\"@type\":\"EntryPoint\",\"urlTemplate\":\"http:\/\/alikhbariaattounsia.com\/fr\/?s={search_term_string}\"},\"query-input\":\"required name=search_term_string\"}],\"inLanguage\":\"fr-FR\"},{\"@type\":\"Organization\",\"@id\":\"http:\/\/alikhbariaattounsia.com\/fr\/#organization\",\"name\":\"Alikhbaria Attounisia\",\"url\":\"http:\/\/alikhbariaattounsia.com\/fr\/\",\"logo\":{\"@type\":\"ImageObject\",\"inLanguage\":\"fr-FR\",\"@id\":\"http:\/\/alikhbariaattounsia.com\/fr\/#\/schema\/logo\/image\/\",\"url\":\"https:\/\/alikhbariaattounsia.com\/fr\/wp-content\/uploads\/2024\/04\/logo-2.png\",\"contentUrl\":\"https:\/\/alikhbariaattounsia.com\/fr\/wp-content\/uploads\/2024\/04\/logo-2.png\",\"width\":218,\"height\":64,\"caption\":\"Alikhbaria Attounisia\"},\"image\":{\"@id\":\"http:\/\/alikhbariaattounsia.com\/fr\/#\/schema\/logo\/image\/\"},\"sameAs\":[\"https:\/\/www.facebook.com\/MagazineAfrique?mibextid=ZbWKwL\",\"https:\/\/www.instagram.com\/alikbariaattounisia\/\"]},{\"@type\":\"Person\",\"@id\":\"http:\/\/alikhbariaattounsia.com\/fr\/#\/schema\/person\/c0d5be34a98bfd2d4f12a5cbd097c043\",\"name\":\"admin\",\"image\":{\"@type\":\"ImageObject\",\"inLanguage\":\"fr-FR\",\"@id\":\"http:\/\/alikhbariaattounsia.com\/fr\/#\/schema\/person\/image\/\",\"url\":\"https:\/\/secure.gravatar.com\/avatar\/f5ba5b6f384316af460736fc1ad6e7dc656c1200a4e1432ebf9ef107fa52f7f9?s=96&d=mm&r=g\",\"contentUrl\":\"https:\/\/secure.gravatar.com\/avatar\/f5ba5b6f384316af460736fc1ad6e7dc656c1200a4e1432ebf9ef107fa52f7f9?s=96&d=mm&r=g\",\"caption\":\"admin\"},\"sameAs\":[\"http:\/\/alikhbariaattounsia.com\/fr\"],\"url\":\"https:\/\/alikhbariaattounsia.com\/fr\/author\/admin\/\"}]}<\/script>\n<!-- \/ Yoast SEO plugin. -->","yoast_head_json":{"title":"Le roi du Maroc Mohamed VI endeuill\u00e9 - Alikhbaria Attounisia","robots":{"index":"index","follow":"follow","max-snippet":"max-snippet:-1","max-image-preview":"max-image-preview:large","max-video-preview":"max-video-preview:-1"},"canonical":"https:\/\/alikhbariaattounsia.com\/fr\/2024\/06\/29\/le-roi-du-maroc-mohamed-vi-endeuille\/","og_locale":"fr_FR","og_type":"article","og_title":"Le roi du Maroc Mohamed VI endeuill\u00e9 - Alikhbaria Attounisia","og_description":"Le Palais royal au Maroc a annonc\u00e9, aujourd&rsquo;hui, que la princesse Lalla Latifa, m\u00e8re du roi Mohamed VI, est d\u00e9c\u00e9d\u00e9e, ce samedi, \u00e0 l&rsquo;\u00e2ge de 78 ans. \u00ab\u00a0Le porte-parole du Palais royal annonce, avec une immense tristesse et une profonde affliction, le d\u00e9c\u00e8s de SAR (son altesse royale) la Princesse Lalla Latifa, samedi\u00a0\u00bb, lit-on dans [&hellip;]","og_url":"https:\/\/alikhbariaattounsia.com\/fr\/2024\/06\/29\/le-roi-du-maroc-mohamed-vi-endeuille\/","og_site_name":"Alikhbaria Attounisia","article_publisher":"https:\/\/www.facebook.com\/MagazineAfrique?mibextid=ZbWKwL","article_published_time":"2024-06-29T21:48:55+00:00","og_image":[{"width":800,"height":450,"url":"https:\/\/alikhbariaattounsia.com\/fr\/wp-content\/uploads\/2024\/06\/1719686972.jpg","type":"image\/jpeg"}],"author":"admin","twitter_card":"summary_large_image","twitter_misc":{"\u00c9crit par":"admin","Dur\u00e9e de lecture estim\u00e9e":"1 minute"},"schema":{"@context":"https:\/\/schema.org","@graph":[{"@type":"Article","@id":"https:\/\/alikhbariaattounsia.com\/fr\/2024\/06\/29\/le-roi-du-maroc-mohamed-vi-endeuille\/#article","isPartOf":{"@id":"https:\/\/alikhbariaattounsia.com\/fr\/2024\/06\/29\/le-roi-du-maroc-mohamed-vi-endeuille\/"},"author":{"name":"admin","@id":"http:\/\/alikhbariaattounsia.com\/fr\/#\/schema\/person\/c0d5be34a98bfd2d4f12a5cbd097c043"},"headline":"Le roi du Maroc Mohamed VI endeuill\u00e9","datePublished":"2024-06-29T21:48:55+00:00","dateModified":"2024-06-29T21:48:55+00:00","mainEntityOfPage":{"@id":"https:\/\/alikhbariaattounsia.com\/fr\/2024\/06\/29\/le-roi-du-maroc-mohamed-vi-endeuille\/"},"wordCount":98,"commentCount":0,"publisher":{"@id":"http:\/\/alikhbariaattounsia.com\/fr\/#organization"},"image":{"@id":"https:\/\/alikhbariaattounsia.com\/fr\/2024\/06\/29\/le-roi-du-maroc-mohamed-vi-endeuille\/#primaryimage"},"thumbnailUrl":"https:\/\/alikhbariaattounsia.com\/fr\/wp-content\/uploads\/2024\/06\/1719686972.jpg","keywords":["aujourd'hui","Le Palais royal au Maroc a annonc\u00e9","m\u00e8re du roi Mohamed VI","que la princesse Lalla Latifa"],"articleSection":["Actualit\u00e9s"],"inLanguage":"fr-FR","potentialAction":[{"@type":"CommentAction","name":"Comment","target":["https:\/\/alikhbariaattounsia.com\/fr\/2024\/06\/29\/le-roi-du-maroc-mohamed-vi-endeuille\/#respond"]}]},{"@type":"WebPage","@id":"https:\/\/alikhbariaattounsia.com\/fr\/2024\/06\/29\/le-roi-du-maroc-mohamed-vi-endeuille\/","url":"https:\/\/alikhbariaattounsia.com\/fr\/2024\/06\/29\/le-roi-du-maroc-mohamed-vi-endeuille\/","name":"Le roi du Maroc Mohamed VI endeuill\u00e9 - Alikhbaria Attounisia","isPartOf":{"@id":"http:\/\/alikhbariaattounsia.com\/fr\/#website"},"primaryImageOfPage":{"@id":"https:\/\/alikhbariaattounsia.com\/fr\/2024\/06\/29\/le-roi-du-maroc-mohamed-vi-endeuille\/#primaryimage"},"image":{"@id":"https:\/\/alikhbariaattounsia.com\/fr\/2024\/06\/29\/le-roi-du-maroc-mohamed-vi-endeuille\/#primaryimage"},"thumbnailUrl":"https:\/\/alikhbariaattounsia.com\/fr\/wp-content\/uploads\/2024\/06\/1719686972.jpg","datePublished":"2024-06-29T21:48:55+00:00","dateModified":"2024-06-29T21:48:55+00:00","breadcrumb":{"@id":"https:\/\/alikhbariaattounsia.com\/fr\/2024\/06\/29\/le-roi-du-maroc-mohamed-vi-endeuille\/#breadcrumb"},"inLanguage":"fr-FR","potentialAction":[{"@type":"ReadAction","target":["https:\/\/alikhbariaattounsia.com\/fr\/2024\/06\/29\/le-roi-du-maroc-mohamed-vi-endeuille\/"]}]},{"@type":"ImageObject","inLanguage":"fr-FR","@id":"https:\/\/alikhbariaattounsia.com\/fr\/2024\/06\/29\/le-roi-du-maroc-mohamed-vi-endeuille\/#primaryimage","url":"https:\/\/alikhbariaattounsia.com\/fr\/wp-content\/uploads\/2024\/06\/1719686972.jpg","contentUrl":"https:\/\/alikhbariaattounsia.com\/fr\/wp-content\/uploads\/2024\/06\/1719686972.jpg","width":800,"height":450},{"@type":"BreadcrumbList","@id":"https:\/\/alikhbariaattounsia.com\/fr\/2024\/06\/29\/le-roi-du-maroc-mohamed-vi-endeuille\/#breadcrumb","itemListElement":[{"@type":"ListItem","position":1,"name":"Accueil","item":"http:\/\/alikhbariaattounsia.com\/fr\/"},{"@type":"ListItem","position":2,"name":"Le roi du Maroc Mohamed VI endeuill\u00e9"}]},{"@type":"WebSite","@id":"http:\/\/alikhbariaattounsia.com\/fr\/#website","url":"http:\/\/alikhbariaattounsia.com\/fr\/","name":"Alikhbaria Attounisia","description":"","publisher":{"@id":"http:\/\/alikhbariaattounsia.com\/fr\/#organization"},"potentialAction":[{"@type":"SearchAction","target":{"@type":"EntryPoint","urlTemplate":"http:\/\/alikhbariaattounsia.com\/fr\/?s={search_term_string}"},"query-input":"required name=search_term_string"}],"inLanguage":"fr-FR"},{"@type":"Organization","@id":"http:\/\/alikhbariaattounsia.com\/fr\/#organization","name":"Alikhbaria Attounisia","url":"http:\/\/alikhbariaattounsia.com\/fr\/","logo":{"@type":"ImageObject","inLanguage":"fr-FR","@id":"http:\/\/alikhbariaattounsia.com\/fr\/#\/schema\/logo\/image\/","url":"https:\/\/alikhbariaattounsia.com\/fr\/wp-content\/uploads\/2024\/04\/logo-2.png","contentUrl":"https:\/\/alikhbariaattounsia.com\/fr\/wp-content\/uploads\/2024\/04\/logo-2.png","width":218,"height":64,"caption":"Alikhbaria Attounisia"},"image":{"@id":"http:\/\/alikhbariaattounsia.com\/fr\/#\/schema\/logo\/image\/"},"sameAs":["https:\/\/www.facebook.com\/MagazineAfrique?mibextid=ZbWKwL","https:\/\/www.instagram.com\/alikbariaattounisia\/"]},{"@type":"Person","@id":"http:\/\/alikhbariaattounsia.com\/fr\/#\/schema\/person\/c0d5be34a98bfd2d4f12a5cbd097c043","name":"admin","image":{"@type":"ImageObject","inLanguage":"fr-FR","@id":"http:\/\/alikhbariaattounsia.com\/fr\/#\/schema\/person\/image\/","url":"https:\/\/secure.gravatar.com\/avatar\/f5ba5b6f384316af460736fc1ad6e7dc656c1200a4e1432ebf9ef107fa52f7f9?s=96&d=mm&r=g","contentUrl":"https:\/\/secure.gravatar.com\/avatar\/f5ba5b6f384316af460736fc1ad6e7dc656c1200a4e1432ebf9ef107fa52f7f9?s=96&d=mm&r=g","caption":"admin"},"sameAs":["http:\/\/alikhbariaattounsia.com\/fr"],"url":"https:\/\/alikhbariaattounsia.com\/fr\/author\/admin\/"}]}},"_links":{"self":[{"href":"https:\/\/alikhbariaattounsia.com\/fr\/wp-json\/wp\/v2\/posts\/465","targetHints":{"allow":["GET"]}}],"collection":[{"href":"https:\/\/alikhbariaattounsia.com\/fr\/wp-json\/wp\/v2\/posts"}],"about":[{"href":"https:\/\/alikhbariaattounsia.com\/fr\/wp-json\/wp\/v2\/types\/post"}],"author":[{"embeddable":true,"href":"https:\/\/alikhbariaattounsia.com\/fr\/wp-json\/wp\/v2\/users\/1"}],"replies":[{"embeddable":true,"href":"https:\/\/alikhbariaattounsia.com\/fr\/wp-json\/wp\/v2\/comments?post=465"}],"version-history":[{"count":1,"href":"https:\/\/alikhbariaattounsia.com\/fr\/wp-json\/wp\/v2\/posts\/465\/revisions"}],"predecessor-version":[{"id":467,"href":"https:\/\/alikhbariaattounsia.com\/fr\/wp-json\/wp\/v2\/posts\/465\/revisions\/467"}],"wp:featuredmedia":[{"embeddable":true,"href":"https:\/\/alikhbariaattounsia.com\/fr\/wp-json\/wp\/v2\/media\/466"}],"wp:attachment":[{"href":"https:\/\/alikhbariaattounsia.com\/fr\/wp-json\/wp\/v2\/media?parent=465"}],"wp:term":[{"taxonomy":"category","embeddable":true,"href":"https:\/\/alikhbariaattounsia.com\/fr\/wp-json\/wp\/v2\/categories?post=465"},{"taxonomy":"post_tag","embeddable":true,"href":"https:\/\/alikhbariaattounsia.com\/fr\/wp-json\/wp\/v2\/tags?post=465"}],"curies":[{"name":"wp","href":"https:\/\/api.w.org\/{rel}","templated":true}]}}